{"id":1288,"date":"2019-03-04T13:41:23","date_gmt":"2019-03-04T13:41:23","guid":{"rendered":"http:\/\/quartierdurablesaintjob.be\/?p=1288"},"modified":"2019-03-04T13:41:23","modified_gmt":"2019-03-04T13:41:23","slug":"semaine-sans-pesticides-2019","status":"publish","type":"post","link":"http:\/\/quartierdurablesaintjob.be\/?p=1288","title":{"rendered":"Semaine sans pesticides 2019"},"content":{"rendered":"\n<figure class=\"wp-block-image\"><img loading=\"lazy\" decoding=\"async\" width=\"709\" height=\"1024\" src=\"http:\/\/quartierdurablesaintjob.be\/wp-content\/uploads\/2019\/03\/semaine-sans-pesticides-2019-e1551706470763-709x1024.jpg\" alt=\"\" class=\"wp-image-1289\" srcset=\"http:\/\/quartierdurablesaintjob.be\/wp-content\/uploads\/2019\/03\/semaine-sans-pesticides-2019-e1551706470763-709x1024.jpg 709w, http:\/\/quartierdurablesaintjob.be\/wp-content\/uploads\/2019\/03\/semaine-sans-pesticides-2019-e1551706470763-208x300.jpg 208w, http:\/\/quartierdurablesaintjob.be\/wp-content\/uploads\/2019\/03\/semaine-sans-pesticides-2019-e1551706470763-768x1109.jpg 768w, http:\/\/quartierdurablesaintjob.be\/wp-content\/uploads\/2019\/03\/semaine-sans-pesticides-2019-e1551706470763.jpg 1145w\" sizes=\"auto, (max-width: 709px) 100vw, 709px\" \/><\/figure>\n\n\n\n<p>Notre jardin du Quartier Durable, Montagne de St Job 6, sera ouvert  de <strong>12h00-16h00, le samedi 30 mars<\/strong>. Petit terrain priv\u00e9 pris en charge par un groupe de  citoyens pour y d\u00e9velopper des activit\u00e9s de convivialit\u00e9 et de  sensibilisation \u00e0 la nature, son respect, \u00e0 l&rsquo;importance des plantes  indig\u00e8nes, celle des insectes, &#8230; <\/p>\n\n\n\n<p> Voir aussi infos: <a rel=\"noreferrer noopener\" href=\"https:\/\/l.facebook.com\/l.php?u=https%3A%2F%2Fparticipez.environnement.brussels%2Finitiatives%2Finfo-sensibilisation-exemple-concret%3Ffbclid%3DIwAR2f2oU3JlqvbAHhfisV2cRUZjlN6s4v3Ypu4bwADaEt9zROmB3HzJV5lrs&amp;h=AT1GffxKcTkXGPlvt7G0yDLqL3jIoH5KotBShPssZV59sBHUFym-idtyJKJPFj06Ww_LKOp4Sq2hddq4LO6nuOqnGxCHtVMlHG64bFn-lX9KOrLaUO1GA9S-y0FSyX69XJkaiEOtsIXfmrNs7aNiKw9mmVxhorrGa5N16ioVab0HOYGI34k_WxceFwgFVOA53O3LryZCCMGKVBycGES__7MJ6sSLP0agNEkg-MWD_AoKsg-k1_Y4DTk1u2fjKHkYIUZf2_EvOwW0-nvSoit8ESSKsWuyN5bgGJUodlMooem32iBFzSiAMDngWwqXZ4LJeuo_WfJFUwjI9JaBv9o5qMofmBRfI2yy7Z_NEpLZGg39P_snq5wb5uzA2rL2fyyy6x9J7tsRsaW4N1Q8yk40JOqCis1WPKUq6PBLLuqdeadJdkpElFu4yVs4TZNoqIbgowYPiNMFszXBMTB2kX00lJCUyVed6rZlVhTJy4fv--LG14HphmvZppieYs5ZJOmBJ0yNayt2UbYTg0VeOb1TkNEIJwuDju9Y4rIadVjbxcnVf_3RiCeOFi9H65gEUfaII4Mu1ikh14EFQI0KLMdVoXuAjtYZXev34WhKCoEXhKlCSb8psALFXBJ8Vj5wFeq__SE\" target=\"_blank\">https:\/\/participez.environnement.brussels\/\u2026\/info-sensibilis\u2026<\/a><\/p>\n\n\n\n<p> Pour le programme tout Bruxelles: <a href=\"https:\/\/l.facebook.com\/l.php?u=https%3A%2F%2Fparticipez.environnement.brussels%2Finitiatives-list%3Ffield_thematique_tid%3D32%26fbclid%3DIwAR03IF79uutuUVyf24grEKWaEaFW10ZxBWZ66wj6loFSHj4xATghC2md2d8&amp;h=AT3fpTBp6rQ1nyodXIvH1l1pVIOVb9HJsWsMivvpUnHyjfX-n6BTpQbQ2CYFcrer4ckxzOxWnOdE_wzt6KicEKI8rZ18ua7mx2pItFhhb7q5LOJJpdxpJrqv2Tv9hKczsfS694u-jqLt_oZ6mej9gFUTTJFV1nGgzfXH1kFJa9j4aUHhd7BY0ytrgok3VmzpaDkkVsQiefoxPDt0PirU71VyzhEQ9jMp2hTBO3leI3LT9mXb0xRuTbPvOXdXVburLmtbCOnZUAmdLet1mPPBZDKHFl4ML95ngdUAd9_POjELTFXkF3QMqO9glBWYqfwphMNrIsWW9-kv_A1O-AVANqU1S-NfSBdO2CbqPvG6he0LSq8eLyxCpJo8YdTJmoZRVCHHiN6oVpyuzWwF1LlpgXH5HS_09KUUKnfrpNs6VNYBQlOufQgwth5QM3hJgAiMwMp0H_ZO-NXCX7mr1ySKawln4jWo11ASEUDZjG2qwyAU2hDLfALJ70866g9IEmAdHbbSbdu5DR2Zcy6eGZ1SmTWe5yHgXcMrb32Y7sW5OgJNRx9oDlo_4UEJrlSMnysO8v9vMZpgz_uywSTAgB4ZRVAoxF9lXAecIwefTj3gKyQBH9B0gL2ofLPdsnc-T9wOcCA\" target=\"_blank\" rel=\"noreferrer noopener\">https:\/\/participez.environnement.brussels\/initiatives-list\u2026<\/a><\/p>\n","protected":false},"excerpt":{"rendered":"<p>Notre jardin du Quartier Durable, Montagne de St Job 6, sera ouvert de 12h00-16h00, le samedi 30 mars. Petit terrain priv\u00e9 pris en charge par un groupe de citoyens pour y d\u00e9velopper des activit\u00e9s de convivialit\u00e9 et de sensibilisation \u00e0 &hellip; <a href=\"http:\/\/quartierdurablesaintjob.be\/?p=1288\">Continue la lecture <span class=\"meta-nav\">&rarr;<\/span><\/a><\/p>\n","protected":false},"author":2,"featured_media":0,"comment_status":"closed","ping_status":"closed","sticky":false,"template":"","format":"standard","meta":{"footnotes":""},"categories":[1],"tags":[],"class_list":["post-1288","post","type-post","status-publish","format-standard","hentry","category-non-classe"],"_links":{"self":[{"href":"http:\/\/quartierdurablesaintjob.be\/index.php?rest_route=\/wp\/v2\/posts\/1288","targetHints":{"allow":["GET"]}}],"collection":[{"href":"http:\/\/quartierdurablesaintjob.be\/index.php?rest_route=\/wp\/v2\/posts"}],"about":[{"href":"http:\/\/quartierdurablesaintjob.be\/index.php?rest_route=\/wp\/v2\/types\/post"}],"author":[{"embeddable":true,"href":"http:\/\/quartierdurablesaintjob.be\/index.php?rest_route=\/wp\/v2\/users\/2"}],"replies":[{"embeddable":true,"href":"http:\/\/quartierdurablesaintjob.be\/index.php?rest_route=%2Fwp%2Fv2%2Fcomments&post=1288"}],"version-history":[{"count":1,"href":"http:\/\/quartierdurablesaintjob.be\/index.php?rest_route=\/wp\/v2\/posts\/1288\/revisions"}],"predecessor-version":[{"id":1290,"href":"http:\/\/quartierdurablesaintjob.be\/index.php?rest_route=\/wp\/v2\/posts\/1288\/revisions\/1290"}],"wp:attachment":[{"href":"http:\/\/quartierdurablesaintjob.be\/index.php?rest_route=%2Fwp%2Fv2%2Fmedia&parent=1288"}],"wp:term":[{"taxonomy":"category","embeddable":true,"href":"http:\/\/quartierdurablesaintjob.be\/index.php?rest_route=%2Fwp%2Fv2%2Fcategories&post=1288"},{"taxonomy":"post_tag","embeddable":true,"href":"http:\/\/quartierdurablesaintjob.be\/index.php?rest_route=%2Fwp%2Fv2%2Ftags&post=1288"}],"curies":[{"name":"wp","href":"https:\/\/api.w.org\/{rel}","templated":true}]}}